{"id":1817,"date":"2021-11-08T17:11:36","date_gmt":"2021-11-08T22:11:36","guid":{"rendered":"https:\/\/win.pe\/blog\/?p=1817"},"modified":"2023-01-26T14:06:22","modified_gmt":"2023-01-26T19:06:22","slug":"facebook-cambia-de-nombre-a-meta","status":"publish","type":"post","link":"https:\/\/win.pe\/blog\/facebook-cambia-de-nombre-a-meta\/","title":{"rendered":"Facebook cambia de nombre a Meta: todo lo que debes saber"},"content":{"rendered":"<p><span style=\"font-weight: 400;\">El comunicado es oficial. Despu\u00e9s de 17 a\u00f1os de ser llamada <\/span><b>Facebook<\/b><span style=\"font-weight: 400;\">, la empresa matriz de redes sociales detr\u00e1s de <\/span><b>Facebook<\/b><span style=\"font-weight: 400;\">, <\/span><b>Instagram<\/b><span style=\"font-weight: 400;\">, <\/span><b>WhatsApp <\/b><span style=\"font-weight: 400;\">y <\/span><b>Oculus <\/b><span style=\"font-weight: 400;\">tiene un nuevo nombre.<\/span><\/p>\n<p><span style=\"font-weight: 400;\">La entidad corporativa de <\/span><b>Facebook <\/b><span style=\"font-weight: 400;\">ahora es <\/span><b>Meta<\/b><span style=\"font-weight: 400;\">.<\/span><\/p>\n<p><span style=\"font-weight: 400;\">El creador de Facebook, <\/span><b>Mark Zuckerberg<\/b><span style=\"font-weight: 400;\">, anunci\u00f3 el cambio en el evento <\/span><b>AR\/VR-focused Connect<\/b><span style=\"font-weight: 400;\"> de la compa\u00f1\u00eda, y comparti\u00f3 que el nuevo t\u00edtulo capturaba m\u00e1s de la ambici\u00f3n central de la compa\u00f1\u00eda: <\/span><b>construir el metaverso<\/b><span style=\"font-weight: 400;\">.<\/span><\/p>\n<p><span style=\"font-weight: 400;\">\u201cPara reflejar qui\u00e9nes somos y lo que esperamos construir, me enorgullece anunciar que a partir de hoy, nuestra empresa ahora es Meta. Nuestra misi\u00f3n sigue siendo la misma: todav\u00eda se trata de unir a las personas. Nuestras aplicaciones y nuestras marcas no van a cambiar \u201d, dijo Zuckerberg. \u00abDe ahora en adelante, vamos a ser metaverso primero, no Facebook primero\u00bb.<\/span><\/p>\n<p><span style=\"font-weight: 400;\">Facebook hab\u00eda estado sentando las bases para este cambio durante meses, aparentemente en un esfuerzo por alejar su marca principal de los incansables titulares negativos que rodean a su producto m\u00e1s popular, que ha sido un gran problema entre los consumidores.<\/span><\/p>\n<figure id=\"attachment_1818\" aria-describedby=\"caption-attachment-1818\" style=\"width: 1920px\" class=\"wp-caption aligncenter\"><img fetchpriority=\"high\" decoding=\"async\" class=\"wp-image-1818 size-full\" src=\"https:\/\/win.pe\/blog\/wp-content\/uploads\/2021\/11\/Facebook-cambia-a-Meta.gif\" alt=\"Facebook cambia a Meta\" width=\"1920\" height=\"1080\" title=\"\"><figcaption id=\"caption-attachment-1818\" class=\"wp-caption-text\">Fuente: https:\/\/gagadget.com\/<\/figcaption><\/figure>\n<h2><span style=\"font-weight: 400;\">Anuncios a partir del segundo semestre del a\u00f1o 2021<\/span><\/h2>\n<p><span style=\"font-weight: 400;\">En julio, el CEO Mark Zuckerberg anunci\u00f3 en un perfil de <\/span><b>The Verge <\/b><span style=\"font-weight: 400;\">que Facebook estaba apostando todo por el <\/span><b>metaverso<\/b><span style=\"font-weight: 400;\">.\u00a0<\/span><\/p>\n<p><span style=\"font-weight: 400;\">Fue un anuncio sorpresa para la compa\u00f1\u00eda de un bill\u00f3n de d\u00f3lares, principalmente porque si bien Facebook ha gastado mucho dinero y esfuerzo en <\/span><b>hardware de realidad virtual<\/b><span style=\"font-weight: 400;\">, sus productos de realidad virtual social han sido en gran medida fallas de corta duraci\u00f3n y apenas hab\u00eda dicho nada sobre su versi\u00f3n beta de <\/span><b>Horizons social<\/b><span style=\"font-weight: 400;\">, plataforma que anunci\u00f3 hace m\u00e1s de a\u00f1o y medio.<\/span><\/p>\n<p><span style=\"font-weight: 400;\">En agosto, Facebook organiz\u00f3 un impulso de prensa inusualmente grande en torno a una <\/span><b>aplicaci\u00f3n de realidad virtual<\/b><span style=\"font-weight: 400;\"> dise\u00f1ada para permitir que las personas realicen reuniones en realidad virtual. Zuckerberg lleg\u00f3 a los programas matutinos y dedic\u00f3 una sorprendente cantidad de esfuerzo a mostrar la peque\u00f1a aplicaci\u00f3n de realidad virtual.<\/span><\/p>\n<p><span style=\"font-weight: 400;\">En septiembre, en una publicaci\u00f3n de blog llamada \u00abConstruyendo el metaverso de manera responsable\u00bb, Facebook anunci\u00f3 un fondo de $50 millones dedicado a la inversi\u00f3n en investigaci\u00f3n \u00abpara garantizar que estos productos se desarrollen de manera responsable\u00bb.\u00a0<\/span><\/p>\n<p>Tal vez te interese: Realiza un <strong><a href=\"https:\/\/win.pe\/test-de-velocidad\">test de velocidad de Internet gratuito<\/a><\/strong><\/p>\n<p><span style=\"font-weight: 400;\">En Octubre, Facebook anunci\u00f3 un fondo de creador m\u00e1s peque\u00f1o de $10 millones para desarrolladores en su naciente plataforma <\/span><b>Horizon Worlds<\/b><span style=\"font-weight: 400;\">, y tambi\u00e9n detall\u00f3 que planeaba contratar la friolera de 10,000 empleados en la UE espec\u00edficamente para construir su <\/span><b>plataforma de metaverso<\/b><span style=\"font-weight: 400;\">.<\/span><\/p>\n<p><span style=\"font-weight: 400;\">Hace dos semanas, flot\u00f3 una historia en <\/span><a href=\"https:\/\/www.npr.org\/2021\/10\/29\/1050379828\/facebook-changes-its-corporate-name-to-meta#:~:text=Facebook%20changes%20its%20corporate%20name%20to%20Meta%20NPR&#039;s%20A%20Mart%C3%ADnez,encompass%20Facebook%2C%20Instagram%20and%20WhatsApp.\" target=\"_blank\" rel=\"noopener\"><b>The Verge<\/b><\/a><span style=\"font-weight: 400;\"> de que Facebook estaba considerando un <\/span><b>cambio de nombre en su entidad corporativa<\/b><span style=\"font-weight: 400;\">.<\/span><\/p>\n<p><span style=\"font-weight: 400;\">En \u00faltima instancia, distanciar el negocio principal de la empresa de un producto asociado con la mayor\u00eda de los problemas no es un movimiento sorprendente para ellos, pero cambiar su nombre a <\/span><b>Meta<\/b><span style=\"font-weight: 400;\"> requerir\u00e1 que Facebook alinee su marca principal con un producto que podr\u00eda estar a a\u00f1os de ser relevante y podr\u00eda encontrar muchas fallas.\u00a0<\/span><\/p>\n<p><span style=\"font-weight: 400;\">En el camino hacia el potencial \u00e9xito general. Facebook todav\u00eda tiene 2.500 millones de usuarios, mientras que sus productos de metaverso probablemente tengan unos pocos miles de usuarios, como m\u00e1ximo.<\/span><\/p>\n<h2><span style=\"font-weight: 400;\">\u00bfExiste alg\u00fan riesgo al cambiar de nombre a una marca tan grande como Facebook?<\/span><\/h2>\n<p><span style=\"font-weight: 400;\">Un cambio de nombre importante de una de las empresas m\u00e1s grandes de tecnolog\u00eda no tiene precedentes. En 2015, <\/span><b>Google<\/b><span style=\"font-weight: 400;\"> implement\u00f3 una nueva <\/span><b>estructura corporativa<\/b><span style=\"font-weight: 400;\"> propia, creando una empresa matriz conocida como <\/span><b>Alphabet<\/b><span style=\"font-weight: 400;\">.\u00a0<\/span><\/p>\n<p><span style=\"font-weight: 400;\">Google sigue siendo una subsidiaria de Alphabet, pero coloquialmente la mayor\u00eda de la gente todav\u00eda llama \u00abGoogle\u00bb a todo lo que tenga que ver con la empresa o sus subsidiarias, para bien o para mal.\u00a0<\/span><\/p>\n<p><span style=\"font-weight: 400;\">Despu\u00e9s de casi dos d\u00e9cadas de construir su marca y hacer crecer sus productos a casi tres mil millones de usuarios mensuales, Facebook probablemente pueda esperar el mismo trato.<\/span><\/p>\n<p><span style=\"font-weight: 400;\">Si bien Google no estaba tratando de poner distancia entre s\u00ed mismo y su propio nombre, Facebook tiene razones muy diferentes para un cambio de marca. <\/span><b>El negocio de la compa\u00f1\u00eda sigue creciendo<\/b><span style=\"font-weight: 400;\">, pero su marca ha recibido muchas quejas en los \u00faltimos a\u00f1os, desde la desinformaci\u00f3n electoral rusa en 2016, hasta importantes lapsos de privacidad como el esc\u00e1ndalo de Cambridge Analytica y ahora la avalancha de revelaciones en curso de Frances Haugen, un ex miembro de Facebook. El equipo de integridad c\u00edvica se convirti\u00f3 en denunciante de Facebook.<\/span><\/p>\n","protected":false},"excerpt":{"rendered":"<p>El comunicado es oficial. Despu\u00e9s de 17 a\u00f1os de ser llamada Facebook, la empresa matriz de redes sociales detr\u00e1s de Facebook, Instagram, WhatsApp y Oculus tiene un nuevo nombre. La entidad corporativa de Facebook ahora es Meta. El creador de Facebook, Mark Zuckerberg, anunci\u00f3 el cambio en el evento AR\/VR-focused Connect de la compa\u00f1\u00eda, y &hellip;<\/p>\n<p class=\"read-more\"> <a class=\"\" href=\"https:\/\/win.pe\/blog\/facebook-cambia-de-nombre-a-meta\/\"> <span class=\"screen-reader-text\">Facebook cambia de nombre a Meta: todo lo que debes saber<\/span> Read More &raquo;<\/a><\/p>\n","protected":false},"author":5,"featured_media":1819,"comment_status":"open","ping_status":"open","sticky":false,"template":"","format":"standard","meta":{"site-sidebar-layout":"default","site-content-layout":"default","ast-site-content-layout":"","site-content-style":"default","site-sidebar-style":"default","ast-global-header-display":"","ast-banner-title-visibility":"","ast-main-header-display":"","ast-hfb-above-header-display":"","ast-hfb-below-header-display":"","ast-hfb-mobile-header-display":"","site-post-title":"","ast-breadcrumbs-content":"","ast-featured-img":"","footer-sml-layout":"","theme-transparent-header-meta":"default","adv-header-id-meta":"","stick-header-meta":"","header-above-stick-meta":"","header-main-stick-meta":"","header-below-stick-meta":"","astra-migrate-meta-layouts":"","footnotes":""},"categories":[1],"tags":[],"_links":{"self":[{"href":"https:\/\/win.pe\/blog\/wp-json\/wp\/v2\/posts\/1817"}],"collection":[{"href":"https:\/\/win.pe\/blog\/wp-json\/wp\/v2\/posts"}],"about":[{"href":"https:\/\/win.pe\/blog\/wp-json\/wp\/v2\/types\/post"}],"author":[{"embeddable":true,"href":"https:\/\/win.pe\/blog\/wp-json\/wp\/v2\/users\/5"}],"replies":[{"embeddable":true,"href":"https:\/\/win.pe\/blog\/wp-json\/wp\/v2\/comments?post=1817"}],"version-history":[{"count":3,"href":"https:\/\/win.pe\/blog\/wp-json\/wp\/v2\/posts\/1817\/revisions"}],"predecessor-version":[{"id":1823,"href":"https:\/\/win.pe\/blog\/wp-json\/wp\/v2\/posts\/1817\/revisions\/1823"}],"wp:featuredmedia":[{"embeddable":true,"href":"https:\/\/win.pe\/blog\/wp-json\/wp\/v2\/media\/1819"}],"wp:attachment":[{"href":"https:\/\/win.pe\/blog\/wp-json\/wp\/v2\/media?parent=1817"}],"wp:term":[{"taxonomy":"category","embeddable":true,"href":"https:\/\/win.pe\/blog\/wp-json\/wp\/v2\/categories?post=1817"},{"taxonomy":"post_tag","embeddable":true,"href":"https:\/\/win.pe\/blog\/wp-json\/wp\/v2\/tags?post=1817"}],"curies":[{"name":"wp","href":"https:\/\/api.w.org\/{rel}","templated":true}]}}